{"id":1002,"date":"2022-02-03T14:50:45","date_gmt":"2022-02-03T13:50:45","guid":{"rendered":"http:\/\/aral45.f5mxh.fr\/?p=1002"},"modified":"2022-02-03T14:50:47","modified_gmt":"2022-02-03T13:50:47","slug":"une-tempete-solaire-nous-a-frappe-le-2-fevrier","status":"publish","type":"post","link":"http:\/\/aral45.f5mxh.fr\/index.php\/2022\/02\/03\/une-tempete-solaire-nous-a-frappe-le-2-fevrier\/","title":{"rendered":"Une temp\u00eate solaire nous a frapp\u00e9 le 2 f\u00e9vrier"},"content":{"rendered":"\n<div class=\"wp-block-image\"><figure class=\"aligncenter size-large\"><img decoding=\"async\" src=\"https:\/\/images.midilibre.fr\/api\/v1\/images\/view\/61f947f3d286c230b01db817\/large\/image.jpg?v=1\" alt=\"\"\/><\/figure><\/div>\n\n\n\n<p>Samedi 29 janvier, le Soleil a expuls\u00e9 du plasma ce qui a entra\u00eener une temp\u00eate magn\u00e9tique sur notre plan\u00e8te.<\/p>\n\n\n\n<p>Le Soleil est entr\u00e9 dans un nouveau cycle d&rsquo;activit\u00e9s depuis quelques mois. Cons\u00e9quence, l&rsquo;\u00e9toile de notre syst\u00e8me solaire s&rsquo;est r\u00e9veill\u00e9e provoquant des temp\u00eates dites \u00ab\u00a0solaires\u00a0\u00bb.<\/p>\n\n\n\n<p>Samedi 29 janvier, une \u00e9ruption solaire a \u00e9t\u00e9 d\u00e9tect\u00e9e par\u00a0le <strong>satellite Soho<\/strong> (Solar and Heliospheric Observatory) et un bulletin\u00a0 a \u00e9t\u00e9 \u00e9mis par le <a rel=\"noreferrer noopener\" href=\"https:\/\/www.swpc.noaa.gov\/news\/geomagnetic-storm-conditions-likely-2-3-february-2022\" target=\"_blank\">SWPC<\/a>, (<a rel=\"noreferrer noopener\" href=\"https:\/\/www.swpc.noaa.gov\/news\/geomagnetic-storm-conditions-likely-2-3-february-2022\" target=\"_blank\">Space weather prediction center<\/a>)\u00a0de la Nasa\u00a0ce lundi 31 janvier qui stipule que\u00a0\u00ab\u00a0de multiples analyses effectu\u00e9es par les pr\u00e9visionnistes ont indiqu\u00e9 une arriv\u00e9e sur Terre <strong>d\u00e8s la fin du 1er f\u00e9vrier jusqu&rsquo;au d\u00e9but du 2 f\u00e9vrier<\/strong>.\u00a0\u00bb&#8230;<\/p>\n\n\n\n<p>Lire la suite sur le site du midilibre.<\/p>\n\n\n\n<p><\/p>\n","protected":false},"excerpt":{"rendered":"<p>Samedi 29 janvier, le Soleil a expuls\u00e9 du plasma ce qui a entra\u00eener une temp\u00eate magn\u00e9tique sur notre plan\u00e8te. Le Soleil est entr\u00e9 dans un nouveau cycle d&rsquo;activit\u00e9s depuis quelques mois. Cons\u00e9quence, l&rsquo;\u00e9toile de notre syst\u00e8me solaire s&rsquo;est r\u00e9veill\u00e9e provoquant des temp\u00eates dites \u00ab\u00a0solaires\u00a0\u00bb. Samedi 29 janvier, une \u00e9ruption solaire&#46;&#46;&#46;<\/p>\n","protected":false},"author":1,"featured_media":151,"comment_status":"open","ping_status":"open","sticky":false,"template":"","format":"standard","meta":[],"categories":[30],"tags":[],"_links":{"self":[{"href":"http:\/\/aral45.f5mxh.fr\/index.php\/wp-json\/wp\/v2\/posts\/1002"}],"collection":[{"href":"http:\/\/aral45.f5mxh.fr\/index.php\/wp-json\/wp\/v2\/posts"}],"about":[{"href":"http:\/\/aral45.f5mxh.fr\/index.php\/wp-json\/wp\/v2\/types\/post"}],"author":[{"embeddable":true,"href":"http:\/\/aral45.f5mxh.fr\/index.php\/wp-json\/wp\/v2\/users\/1"}],"replies":[{"embeddable":true,"href":"http:\/\/aral45.f5mxh.fr\/index.php\/wp-json\/wp\/v2\/comments?post=1002"}],"version-history":[{"count":1,"href":"http:\/\/aral45.f5mxh.fr\/index.php\/wp-json\/wp\/v2\/posts\/1002\/revisions"}],"predecessor-version":[{"id":1003,"href":"http:\/\/aral45.f5mxh.fr\/index.php\/wp-json\/wp\/v2\/posts\/1002\/revisions\/1003"}],"wp:featuredmedia":[{"embeddable":true,"href":"http:\/\/aral45.f5mxh.fr\/index.php\/wp-json\/wp\/v2\/media\/151"}],"wp:attachment":[{"href":"http:\/\/aral45.f5mxh.fr\/index.php\/wp-json\/wp\/v2\/media?parent=1002"}],"wp:term":[{"taxonomy":"category","embeddable":true,"href":"http:\/\/aral45.f5mxh.fr\/index.php\/wp-json\/wp\/v2\/categories?post=1002"},{"taxonomy":"post_tag","embeddable":true,"href":"http:\/\/aral45.f5mxh.fr\/index.php\/wp-json\/wp\/v2\/tags?post=1002"}],"curies":[{"name":"wp","href":"https:\/\/api.w.org\/{rel}","templated":true}]}}